{"id":515,"date":"2022-01-21T07:16:03","date_gmt":"2022-01-21T07:16:03","guid":{"rendered":"https:\/\/coronavirus.hilfe-selbsthilfe.at\/?p=515"},"modified":"2022-01-21T08:27:50","modified_gmt":"2022-01-21T08:27:50","slug":"impfen-gegen-covid-19-alles-gut","status":"publish","type":"post","link":"https:\/\/coronavirus.hilfe-selbsthilfe.at\/index.php\/2022\/01\/21\/impfen-gegen-covid-19-alles-gut\/","title":{"rendered":"Impfen gegen Covid-19, alles gut?"},"content":{"rendered":"\n<p>Die \u00f6ffentliche Debatte um die Covid-Impfpflicht in \u00d6sterreich ist am H\u00f6hepunkt. Noch nie verursachte eine Impfung so eine Spaltung der Gesellschaft. Die Impfopfer und Gesch\u00e4digten f\u00fchlen sich im Stich gelassen. Bisher gibt es hunderte Beschwerden von \u201eImpfgesch\u00e4digten\u201c, die \u00fcber physische und psychische Nebenwirkungen nach ihrer Covid Impfung klagen, die Dunkelziffer d\u00fcrfte noch viel h\u00f6her sein und es wird dar\u00fcber ein Mantel des Schweigens gebreitet. <\/p>\n\n\n\n<p>Die Covid-Impfung \u2013 Schutz oder Gefahr? Noch nie wurden den Beh\u00f6rden so viele Nebenwirkungen gemeldet wie bei den Covid-Impfungen. Dass genau diese Impfung nun gesetzlich verpflichtend werden soll, st\u00f6\u00dft in weiten Kreisen der Bev\u00f6lkerung auf Unverst\u00e4ndnis. Die Angst vieler Menschen vor der Impfung wird nicht ernst genommen. <\/p>\n\n\n\n<p>Wer haftet f\u00fcr Impfsch\u00e4den? Eine klare Antwort darauf gibt weder die \u00c4rztekammer noch die Bundesregierung. <\/p>\n\n\n\n<p>Regie: Bert Ehgartner \/ Produziert von: Mabon Film GmbH<\/p>\n\n\n\n<p>Hier der Link zu <a href=\"https:\/\/www.servustv.com\/aktuelles\/v\/aa1uhra88dp5llzqs7cp\/\" target=\"_blank\" rel=\"noreferrer noopener nofollow\">Servus TV, Teil 1<\/a><\/p>\n","protected":false},"excerpt":{"rendered":"<p>Die \u00f6ffentliche Debatte um die Covid-Impfpflicht in \u00d6sterreich ist am H\u00f6hepunkt. Noch nie verursachte eine Impfung so eine Spaltung der Gesellschaft. Die Impfopfer und Gesch\u00e4digten f\u00fchlen sich im Stich gelassen. Bisher gibt es hunderte Beschwerden von \u201eImpfgesch\u00e4digten\u201c, die \u00fcber physische und psychische Nebenwirkungen nach ihrer Covid Impfung klagen, die Dunkelziffer&#8230; <a class=\"continue-reading-link\" href=\"https:\/\/coronavirus.hilfe-selbsthilfe.at\/index.php\/2022\/01\/21\/impfen-gegen-covid-19-alles-gut\/\">weiterlesen <span class=\"meta-nav\">&rarr; <\/span><\/a><\/p>\n","protected":false},"author":2,"featured_media":0,"comment_status":"open","ping_status":"closed","sticky":false,"template":"","format":"standard","meta":{"footnotes":""},"categories":[6,72,1],"tags":[73,74,75],"class_list":["post-515","post","type-post","status-publish","format-standard","hentry","category-gesundheit","category-impfung","category-sarscov2","tag-impfschaeden","tag-nebenwirkungen","tag-schutz"],"yoast_head":"<!-- This site is optimized with the Yoast SEO plugin v27.3 - https:\/\/yoast.com\/product\/yoast-seo-wordpress\/ -->\n<title>Impfen gegen Covid-19, alles gut? - Coronavirus - Sars-Cov2<\/title>\n<meta name=\"robots\" content=\"index, follow, max-snippet:-1, max-image-preview:large, max-video-preview:-1\" \/>\n<link rel=\"canonical\" href=\"https:\/\/coronavirus.hilfe-selbsthilfe.at\/index.php\/2022\/01\/21\/impfen-gegen-covid-19-alles-gut\/\" \/>\n<meta property=\"og:locale\" content=\"de_DE\" \/>\n<meta property=\"og:type\" content=\"article\" \/>\n<meta property=\"og:title\" content=\"Impfen gegen Covid-19, alles gut? - Coronavirus - Sars-Cov2\" \/>\n<meta property=\"og:description\" content=\"Die \u00f6ffentliche Debatte um die Covid-Impfpflicht in \u00d6sterreich ist am H\u00f6hepunkt. Noch nie verursachte eine Impfung so eine Spaltung der Gesellschaft. Die Impfopfer und Gesch\u00e4digten f\u00fchlen sich im Stich gelassen. Bisher gibt es hunderte Beschwerden von \u201eImpfgesch\u00e4digten\u201c, die \u00fcber physische und psychische Nebenwirkungen nach ihrer Covid Impfung klagen, die Dunkelziffer... weiterlesen &rarr;\" \/>\n<meta property=\"og:url\" content=\"https:\/\/coronavirus.hilfe-selbsthilfe.at\/index.php\/2022\/01\/21\/impfen-gegen-covid-19-alles-gut\/\" \/>\n<meta property=\"og:site_name\" content=\"Coronavirus - Sars-Cov2\" \/>\n<meta property=\"article:published_time\" content=\"2022-01-21T07:16:03+00:00\" \/>\n<meta property=\"article:modified_time\" content=\"2022-01-21T08:27:50+00:00\" \/>\n<meta name=\"author\" content=\"Fritz\" \/>\n<meta name=\"twitter:card\" content=\"summary_large_image\" \/>\n<meta name=\"twitter:label1\" content=\"Verfasst von\" \/>\n\t<meta name=\"twitter:data1\" content=\"Fritz\" \/>\n\t<meta name=\"twitter:label2\" content=\"Gesch\u00e4tzte Lesezeit\" \/>\n\t<meta name=\"twitter:data2\" content=\"1\u00a0Minute\" \/>\n<script type=\"application\/ld+json\" class=\"yoast-schema-graph\">{\"@context\":\"https:\\\/\\\/schema.org\",\"@graph\":[{\"@type\":\"Article\",\"@id\":\"https:\\\/\\\/coronavirus.hilfe-selbsthilfe.at\\\/index.php\\\/2022\\\/01\\\/21\\\/impfen-gegen-covid-19-alles-gut\\\/#article\",\"isPartOf\":{\"@id\":\"https:\\\/\\\/coronavirus.hilfe-selbsthilfe.at\\\/index.php\\\/2022\\\/01\\\/21\\\/impfen-gegen-covid-19-alles-gut\\\/\"},\"author\":{\"name\":\"Fritz\",\"@id\":\"https:\\\/\\\/coronavirus.hilfe-selbsthilfe.at\\\/#\\\/schema\\\/person\\\/e893f0e3ed83dd6656908931233dec5b\"},\"headline\":\"Impfen gegen Covid-19, alles gut?\",\"datePublished\":\"2022-01-21T07:16:03+00:00\",\"dateModified\":\"2022-01-21T08:27:50+00:00\",\"mainEntityOfPage\":{\"@id\":\"https:\\\/\\\/coronavirus.hilfe-selbsthilfe.at\\\/index.php\\\/2022\\\/01\\\/21\\\/impfen-gegen-covid-19-alles-gut\\\/\"},\"wordCount\":158,\"commentCount\":0,\"publisher\":{\"@id\":\"https:\\\/\\\/coronavirus.hilfe-selbsthilfe.at\\\/#\\\/schema\\\/person\\\/9bbf469b3455003b61ca56f6267b6a32\"},\"keywords\":[\"Impfsch\u00e4den\",\"Nebenwirkungen\",\"Schutz\"],\"articleSection\":[\"Gesundheit\",\"Impfung\",\"Sars-Cov2\"],\"inLanguage\":\"de\",\"potentialAction\":[{\"@type\":\"CommentAction\",\"name\":\"Comment\",\"target\":[\"https:\\\/\\\/coronavirus.hilfe-selbsthilfe.at\\\/index.php\\\/2022\\\/01\\\/21\\\/impfen-gegen-covid-19-alles-gut\\\/#respond\"]}]},{\"@type\":\"WebPage\",\"@id\":\"https:\\\/\\\/coronavirus.hilfe-selbsthilfe.at\\\/index.php\\\/2022\\\/01\\\/21\\\/impfen-gegen-covid-19-alles-gut\\\/\",\"url\":\"https:\\\/\\\/coronavirus.hilfe-selbsthilfe.at\\\/index.php\\\/2022\\\/01\\\/21\\\/impfen-gegen-covid-19-alles-gut\\\/\",\"name\":\"Impfen gegen Covid-19, alles gut? - Coronavirus - Sars-Cov2\",\"isPartOf\":{\"@id\":\"https:\\\/\\\/coronavirus.hilfe-selbsthilfe.at\\\/#website\"},\"datePublished\":\"2022-01-21T07:16:03+00:00\",\"dateModified\":\"2022-01-21T08:27:50+00:00\",\"breadcrumb\":{\"@id\":\"https:\\\/\\\/coronavirus.hilfe-selbsthilfe.at\\\/index.php\\\/2022\\\/01\\\/21\\\/impfen-gegen-covid-19-alles-gut\\\/#breadcrumb\"},\"inLanguage\":\"de\",\"potentialAction\":[{\"@type\":\"ReadAction\",\"target\":[\"https:\\\/\\\/coronavirus.hilfe-selbsthilfe.at\\\/index.php\\\/2022\\\/01\\\/21\\\/impfen-gegen-covid-19-alles-gut\\\/\"]}]},{\"@type\":\"BreadcrumbList\",\"@id\":\"https:\\\/\\\/coronavirus.hilfe-selbsthilfe.at\\\/index.php\\\/2022\\\/01\\\/21\\\/impfen-gegen-covid-19-alles-gut\\\/#breadcrumb\",\"itemListElement\":[{\"@type\":\"ListItem\",\"position\":1,\"name\":\"Startseite\",\"item\":\"https:\\\/\\\/coronavirus.hilfe-selbsthilfe.at\\\/\"},{\"@type\":\"ListItem\",\"position\":2,\"name\":\"Impfen gegen Covid-19, alles gut?\"}]},{\"@type\":\"WebSite\",\"@id\":\"https:\\\/\\\/coronavirus.hilfe-selbsthilfe.at\\\/#website\",\"url\":\"https:\\\/\\\/coronavirus.hilfe-selbsthilfe.at\\\/\",\"name\":\"Coronavirus - Sars-Cov2\",\"description\":\"Angst und Manipulation\",\"publisher\":{\"@id\":\"https:\\\/\\\/coronavirus.hilfe-selbsthilfe.at\\\/#\\\/schema\\\/person\\\/9bbf469b3455003b61ca56f6267b6a32\"},\"potentialAction\":[{\"@type\":\"SearchAction\",\"target\":{\"@type\":\"EntryPoint\",\"urlTemplate\":\"https:\\\/\\\/coronavirus.hilfe-selbsthilfe.at\\\/?s={search_term_string}\"},\"query-input\":{\"@type\":\"PropertyValueSpecification\",\"valueRequired\":true,\"valueName\":\"search_term_string\"}}],\"inLanguage\":\"de\"},{\"@type\":[\"Person\",\"Organization\"],\"@id\":\"https:\\\/\\\/coronavirus.hilfe-selbsthilfe.at\\\/#\\\/schema\\\/person\\\/9bbf469b3455003b61ca56f6267b6a32\",\"name\":\"Fritz\",\"logo\":{\"@id\":\"https:\\\/\\\/coronavirus.hilfe-selbsthilfe.at\\\/#\\\/schema\\\/person\\\/image\\\/\"},\"sameAs\":[\"https:\\\/\\\/coronavirus.hilfe-selbsthilfe.at\"]},{\"@type\":\"Person\",\"@id\":\"https:\\\/\\\/coronavirus.hilfe-selbsthilfe.at\\\/#\\\/schema\\\/person\\\/e893f0e3ed83dd6656908931233dec5b\",\"name\":\"Fritz\"}]}<\/script>\n<!-- \/ Yoast SEO plugin. -->","yoast_head_json":{"title":"Impfen gegen Covid-19, alles gut? - Coronavirus - Sars-Cov2","robots":{"index":"index","follow":"follow","max-snippet":"max-snippet:-1","max-image-preview":"max-image-preview:large","max-video-preview":"max-video-preview:-1"},"canonical":"https:\/\/coronavirus.hilfe-selbsthilfe.at\/index.php\/2022\/01\/21\/impfen-gegen-covid-19-alles-gut\/","og_locale":"de_DE","og_type":"article","og_title":"Impfen gegen Covid-19, alles gut? - Coronavirus - Sars-Cov2","og_description":"Die \u00f6ffentliche Debatte um die Covid-Impfpflicht in \u00d6sterreich ist am H\u00f6hepunkt. Noch nie verursachte eine Impfung so eine Spaltung der Gesellschaft. Die Impfopfer und Gesch\u00e4digten f\u00fchlen sich im Stich gelassen. Bisher gibt es hunderte Beschwerden von \u201eImpfgesch\u00e4digten\u201c, die \u00fcber physische und psychische Nebenwirkungen nach ihrer Covid Impfung klagen, die Dunkelziffer... weiterlesen &rarr;","og_url":"https:\/\/coronavirus.hilfe-selbsthilfe.at\/index.php\/2022\/01\/21\/impfen-gegen-covid-19-alles-gut\/","og_site_name":"Coronavirus - Sars-Cov2","article_published_time":"2022-01-21T07:16:03+00:00","article_modified_time":"2022-01-21T08:27:50+00:00","author":"Fritz","twitter_card":"summary_large_image","twitter_misc":{"Verfasst von":"Fritz","Gesch\u00e4tzte Lesezeit":"1\u00a0Minute"},"schema":{"@context":"https:\/\/schema.org","@graph":[{"@type":"Article","@id":"https:\/\/coronavirus.hilfe-selbsthilfe.at\/index.php\/2022\/01\/21\/impfen-gegen-covid-19-alles-gut\/#article","isPartOf":{"@id":"https:\/\/coronavirus.hilfe-selbsthilfe.at\/index.php\/2022\/01\/21\/impfen-gegen-covid-19-alles-gut\/"},"author":{"name":"Fritz","@id":"https:\/\/coronavirus.hilfe-selbsthilfe.at\/#\/schema\/person\/e893f0e3ed83dd6656908931233dec5b"},"headline":"Impfen gegen Covid-19, alles gut?","datePublished":"2022-01-21T07:16:03+00:00","dateModified":"2022-01-21T08:27:50+00:00","mainEntityOfPage":{"@id":"https:\/\/coronavirus.hilfe-selbsthilfe.at\/index.php\/2022\/01\/21\/impfen-gegen-covid-19-alles-gut\/"},"wordCount":158,"commentCount":0,"publisher":{"@id":"https:\/\/coronavirus.hilfe-selbsthilfe.at\/#\/schema\/person\/9bbf469b3455003b61ca56f6267b6a32"},"keywords":["Impfsch\u00e4den","Nebenwirkungen","Schutz"],"articleSection":["Gesundheit","Impfung","Sars-Cov2"],"inLanguage":"de","potentialAction":[{"@type":"CommentAction","name":"Comment","target":["https:\/\/coronavirus.hilfe-selbsthilfe.at\/index.php\/2022\/01\/21\/impfen-gegen-covid-19-alles-gut\/#respond"]}]},{"@type":"WebPage","@id":"https:\/\/coronavirus.hilfe-selbsthilfe.at\/index.php\/2022\/01\/21\/impfen-gegen-covid-19-alles-gut\/","url":"https:\/\/coronavirus.hilfe-selbsthilfe.at\/index.php\/2022\/01\/21\/impfen-gegen-covid-19-alles-gut\/","name":"Impfen gegen Covid-19, alles gut? - Coronavirus - Sars-Cov2","isPartOf":{"@id":"https:\/\/coronavirus.hilfe-selbsthilfe.at\/#website"},"datePublished":"2022-01-21T07:16:03+00:00","dateModified":"2022-01-21T08:27:50+00:00","breadcrumb":{"@id":"https:\/\/coronavirus.hilfe-selbsthilfe.at\/index.php\/2022\/01\/21\/impfen-gegen-covid-19-alles-gut\/#breadcrumb"},"inLanguage":"de","potentialAction":[{"@type":"ReadAction","target":["https:\/\/coronavirus.hilfe-selbsthilfe.at\/index.php\/2022\/01\/21\/impfen-gegen-covid-19-alles-gut\/"]}]},{"@type":"BreadcrumbList","@id":"https:\/\/coronavirus.hilfe-selbsthilfe.at\/index.php\/2022\/01\/21\/impfen-gegen-covid-19-alles-gut\/#breadcrumb","itemListElement":[{"@type":"ListItem","position":1,"name":"Startseite","item":"https:\/\/coronavirus.hilfe-selbsthilfe.at\/"},{"@type":"ListItem","position":2,"name":"Impfen gegen Covid-19, alles gut?"}]},{"@type":"WebSite","@id":"https:\/\/coronavirus.hilfe-selbsthilfe.at\/#website","url":"https:\/\/coronavirus.hilfe-selbsthilfe.at\/","name":"Coronavirus - Sars-Cov2","description":"Angst und Manipulation","publisher":{"@id":"https:\/\/coronavirus.hilfe-selbsthilfe.at\/#\/schema\/person\/9bbf469b3455003b61ca56f6267b6a32"},"potentialAction":[{"@type":"SearchAction","target":{"@type":"EntryPoint","urlTemplate":"https:\/\/coronavirus.hilfe-selbsthilfe.at\/?s={search_term_string}"},"query-input":{"@type":"PropertyValueSpecification","valueRequired":true,"valueName":"search_term_string"}}],"inLanguage":"de"},{"@type":["Person","Organization"],"@id":"https:\/\/coronavirus.hilfe-selbsthilfe.at\/#\/schema\/person\/9bbf469b3455003b61ca56f6267b6a32","name":"Fritz","logo":{"@id":"https:\/\/coronavirus.hilfe-selbsthilfe.at\/#\/schema\/person\/image\/"},"sameAs":["https:\/\/coronavirus.hilfe-selbsthilfe.at"]},{"@type":"Person","@id":"https:\/\/coronavirus.hilfe-selbsthilfe.at\/#\/schema\/person\/e893f0e3ed83dd6656908931233dec5b","name":"Fritz"}]}},"_links":{"self":[{"href":"https:\/\/coronavirus.hilfe-selbsthilfe.at\/index.php\/wp-json\/wp\/v2\/posts\/515","targetHints":{"allow":["GET"]}}],"collection":[{"href":"https:\/\/coronavirus.hilfe-selbsthilfe.at\/index.php\/wp-json\/wp\/v2\/posts"}],"about":[{"href":"https:\/\/coronavirus.hilfe-selbsthilfe.at\/index.php\/wp-json\/wp\/v2\/types\/post"}],"author":[{"embeddable":true,"href":"https:\/\/coronavirus.hilfe-selbsthilfe.at\/index.php\/wp-json\/wp\/v2\/users\/2"}],"replies":[{"embeddable":true,"href":"https:\/\/coronavirus.hilfe-selbsthilfe.at\/index.php\/wp-json\/wp\/v2\/comments?post=515"}],"version-history":[{"count":2,"href":"https:\/\/coronavirus.hilfe-selbsthilfe.at\/index.php\/wp-json\/wp\/v2\/posts\/515\/revisions"}],"predecessor-version":[{"id":517,"href":"https:\/\/coronavirus.hilfe-selbsthilfe.at\/index.php\/wp-json\/wp\/v2\/posts\/515\/revisions\/517"}],"wp:attachment":[{"href":"https:\/\/coronavirus.hilfe-selbsthilfe.at\/index.php\/wp-json\/wp\/v2\/media?parent=515"}],"wp:term":[{"taxonomy":"category","embeddable":true,"href":"https:\/\/coronavirus.hilfe-selbsthilfe.at\/index.php\/wp-json\/wp\/v2\/categories?post=515"},{"taxonomy":"post_tag","embeddable":true,"href":"https:\/\/coronavirus.hilfe-selbsthilfe.at\/index.php\/wp-json\/wp\/v2\/tags?post=515"}],"curies":[{"name":"wp","href":"https:\/\/api.w.org\/{rel}","templated":true}]}}